
{"id":17544,"date":"2023-10-03T16:56:52","date_gmt":"2023-10-03T16:56:52","guid":{"rendered":"https:\/\/mexicocity.cdmx.gob.mx\/?p=17544"},"modified":"2026-02-11T19:46:22","modified_gmt":"2026-02-11T19:46:22","slug":"muertos-events-guide-2023","status":"publish","type":"post","link":"https:\/\/mexicocity.cdmx.gob.mx\/muertos-events-guide-2023\/","title":{"rendered":"D\u00eda de Muertos 2023, Gu\u00eda de Eventos"},"content":{"rendered":"<p>\n\t\t<style type=\"text\/css\">\n\t\t\t#gallery-2 {\n\t\t\t\tmargin: auto;\n\t\t\t}\n\t\t\t#gallery-2 .gallery-item {\n\t\t\t\tfloat: left;\n\t\t\t\tmargin-top: 10px;\n\t\t\t\ttext-align: center;\n\t\t\t\twidth: 33%;\n\t\t\t}\n\t\t\t#gallery-2 img {\n\t\t\t\tborder: 2px solid #cfcfcf;\n\t\t\t}\n\t\t\t#gallery-2 .gallery-caption {\n\t\t\t\tmargin-left: 0;\n\t\t\t}\n\t\t\t\/* see gallery_shortcode() in wp-includes\/media.php *\/\n\t\t<\/style>\n\t\t<div id='gallery-2' class='gallery galleryid-17544 gallery-columns-3 gallery-size-medium'><dl class='gallery-item'>\n\t\t\t<dt class='gallery-icon landscape'>\n\t\t\t\t<a target=\"_blank\" rel=\"noopener noreferrer\" href='https:\/\/mexicocity.cdmx.gob.mx\/wp-content\/uploads\/2019\/11\/discover-3979-1-dia-muertos-mixquic-3.jpg'><img loading=\"lazy\" decoding=\"async\" width=\"300\" height=\"169\" src=\"https:\/\/mexicocity.cdmx.gob.mx\/wp-content\/uploads\/2019\/11\/discover-3979-1-dia-muertos-mixquic-3-300x169.jpg\" class=\"attachment-medium size-medium\" alt=\"\" srcset=\"https:\/\/mexicocity.cdmx.gob.mx\/wp-content\/uploads\/2019\/11\/discover-3979-1-dia-muertos-mixquic-3-300x169.jpg 300w, https:\/\/mexicocity.cdmx.gob.mx\/wp-content\/uploads\/2019\/11\/discover-3979-1-dia-muertos-mixquic-3-768x432.jpg 768w, https:\/\/mexicocity.cdmx.gob.mx\/wp-content\/uploads\/2019\/11\/discover-3979-1-dia-muertos-mixquic-3-1024x576.jpg 1024w, https:\/\/mexicocity.cdmx.gob.mx\/wp-content\/uploads\/2019\/11\/discover-3979-1-dia-muertos-mixquic-3.jpg 1400w\" sizes=\"auto, (max-width: 300px) 100vw, 300px\" \/><\/a>\n\t\t\t<\/dt><\/dl><dl class='gallery-item'>\n\t\t\t<dt class='gallery-icon landscape'>\n\t\t\t\t<a target=\"_blank\" rel=\"noopener noreferrer\" href='https:\/\/mexicocity.cdmx.gob.mx\/wp-content\/uploads\/2023\/10\/Muertos-DOD-2023-14-2.jpg'><img loading=\"lazy\" decoding=\"async\" width=\"300\" height=\"199\" src=\"https:\/\/mexicocity.cdmx.gob.mx\/wp-content\/uploads\/2023\/10\/Muertos-DOD-2023-14-2-300x199.jpg\" class=\"attachment-medium size-medium\" alt=\"\" srcset=\"https:\/\/mexicocity.cdmx.gob.mx\/wp-content\/uploads\/2023\/10\/Muertos-DOD-2023-14-2-300x199.jpg 300w, https:\/\/mexicocity.cdmx.gob.mx\/wp-content\/uploads\/2023\/10\/Muertos-DOD-2023-14-2-768x509.jpg 768w, https:\/\/mexicocity.cdmx.gob.mx\/wp-content\/uploads\/2023\/10\/Muertos-DOD-2023-14-2-1024x679.jpg 1024w, https:\/\/mexicocity.cdmx.gob.mx\/wp-content\/uploads\/2023\/10\/Muertos-DOD-2023-14-2.jpg 2048w\" sizes=\"auto, (max-width: 300px) 100vw, 300px\" \/><\/a>\n\t\t\t<\/dt><\/dl><dl class='gallery-item'>\n\t\t\t<dt class='gallery-icon landscape'>\n\t\t\t\t<a target=\"_blank\" rel=\"noopener noreferrer\" href='https:\/\/mexicocity.cdmx.gob.mx\/wp-content\/uploads\/2023\/10\/Muertos-DOD-2023-14-1.jpg'><img loading=\"lazy\" decoding=\"async\" width=\"300\" height=\"200\" src=\"https:\/\/mexicocity.cdmx.gob.mx\/wp-content\/uploads\/2023\/10\/Muertos-DOD-2023-14-1-300x200.jpg\" class=\"attachment-medium size-medium\" alt=\"\" srcset=\"https:\/\/mexicocity.cdmx.gob.mx\/wp-content\/uploads\/2023\/10\/Muertos-DOD-2023-14-1-300x200.jpg 300w, https:\/\/mexicocity.cdmx.gob.mx\/wp-content\/uploads\/2023\/10\/Muertos-DOD-2023-14-1-768x512.jpg 768w, https:\/\/mexicocity.cdmx.gob.mx\/wp-content\/uploads\/2023\/10\/Muertos-DOD-2023-14-1-1024x683.jpg 1024w, https:\/\/mexicocity.cdmx.gob.mx\/wp-content\/uploads\/2023\/10\/Muertos-DOD-2023-14-1.jpg 2048w\" sizes=\"auto, (max-width: 300px) 100vw, 300px\" \/><\/a>\n\t\t\t<\/dt><\/dl><br style=\"clear: both\" \/><dl class='gallery-item'>\n\t\t\t<dt class='gallery-icon landscape'>\n\t\t\t\t<a target=\"_blank\" rel=\"noopener noreferrer\" href='https:\/\/mexicocity.cdmx.gob.mx\/wp-content\/uploads\/2023\/10\/Muertos-DOD-2023-12.jpg'><img loading=\"lazy\" decoding=\"async\" width=\"300\" height=\"200\" src=\"https:\/\/mexicocity.cdmx.gob.mx\/wp-content\/uploads\/2023\/10\/Muertos-DOD-2023-12-300x200.jpg\" class=\"attachment-medium size-medium\" alt=\"\" srcset=\"https:\/\/mexicocity.cdmx.gob.mx\/wp-content\/uploads\/2023\/10\/Muertos-DOD-2023-12-300x200.jpg 300w, https:\/\/mexicocity.cdmx.gob.mx\/wp-content\/uploads\/2023\/10\/Muertos-DOD-2023-12-768x511.jpg 768w, https:\/\/mexicocity.cdmx.gob.mx\/wp-content\/uploads\/2023\/10\/Muertos-DOD-2023-12-1024x681.jpg 1024w, https:\/\/mexicocity.cdmx.gob.mx\/wp-content\/uploads\/2023\/10\/Muertos-DOD-2023-12.jpg 2048w\" sizes=\"auto, (max-width: 300px) 100vw, 300px\" \/><\/a>\n\t\t\t<\/dt><\/dl><dl class='gallery-item'>\n\t\t\t<dt class='gallery-icon landscape'>\n\t\t\t\t<a target=\"_blank\" rel=\"noopener noreferrer\" href='https:\/\/mexicocity.cdmx.gob.mx\/wp-content\/uploads\/2023\/10\/muertos-DOD-2023-16.jpg'><img loading=\"lazy\" decoding=\"async\" width=\"300\" height=\"200\" src=\"https:\/\/mexicocity.cdmx.gob.mx\/wp-content\/uploads\/2023\/10\/muertos-DOD-2023-16-300x200.jpg\" class=\"attachment-medium size-medium\" alt=\"\" srcset=\"https:\/\/mexicocity.cdmx.gob.mx\/wp-content\/uploads\/2023\/10\/muertos-DOD-2023-16-300x200.jpg 300w, https:\/\/mexicocity.cdmx.gob.mx\/wp-content\/uploads\/2023\/10\/muertos-DOD-2023-16-768x512.jpg 768w, https:\/\/mexicocity.cdmx.gob.mx\/wp-content\/uploads\/2023\/10\/muertos-DOD-2023-16-1024x683.jpg 1024w, https:\/\/mexicocity.cdmx.gob.mx\/wp-content\/uploads\/2023\/10\/muertos-DOD-2023-16.jpg 2048w\" sizes=\"auto, (max-width: 300px) 100vw, 300px\" \/><\/a>\n\t\t\t<\/dt><\/dl><dl class='gallery-item'>\n\t\t\t<dt class='gallery-icon landscape'>\n\t\t\t\t<a target=\"_blank\" rel=\"noopener noreferrer\" href='https:\/\/mexicocity.cdmx.gob.mx\/wp-content\/uploads\/2022\/09\/Day-of-the-Dead-Parade-12-1.jpg'><img loading=\"lazy\" decoding=\"async\" width=\"300\" height=\"200\" src=\"https:\/\/mexicocity.cdmx.gob.mx\/wp-content\/uploads\/2022\/09\/Day-of-the-Dead-Parade-12-1-300x200.jpg\" class=\"attachment-medium size-medium\" alt=\"\" srcset=\"https:\/\/mexicocity.cdmx.gob.mx\/wp-content\/uploads\/2022\/09\/Day-of-the-Dead-Parade-12-1-300x200.jpg 300w, https:\/\/mexicocity.cdmx.gob.mx\/wp-content\/uploads\/2022\/09\/Day-of-the-Dead-Parade-12-1-768x512.jpg 768w, https:\/\/mexicocity.cdmx.gob.mx\/wp-content\/uploads\/2022\/09\/Day-of-the-Dead-Parade-12-1.jpg 799w\" sizes=\"auto, (max-width: 300px) 100vw, 300px\" \/><\/a>\n\t\t\t<\/dt><\/dl><br style=\"clear: both\" \/><dl class='gallery-item'>\n\t\t\t<dt class='gallery-icon landscape'>\n\t\t\t\t<a target=\"_blank\" rel=\"noopener noreferrer\" href='https:\/\/mexicocity.cdmx.gob.mx\/wp-content\/uploads\/2023\/10\/Muertos-DOD-2023-1.jpg'><img loading=\"lazy\" decoding=\"async\" width=\"300\" height=\"200\" src=\"https:\/\/mexicocity.cdmx.gob.mx\/wp-content\/uploads\/2023\/10\/Muertos-DOD-2023-1-300x200.jpg\" class=\"attachment-medium size-medium\" alt=\"\" srcset=\"https:\/\/mexicocity.cdmx.gob.mx\/wp-content\/uploads\/2023\/10\/Muertos-DOD-2023-1-300x200.jpg 300w, https:\/\/mexicocity.cdmx.gob.mx\/wp-content\/uploads\/2023\/10\/Muertos-DOD-2023-1-768x512.jpg 768w, https:\/\/mexicocity.cdmx.gob.mx\/wp-content\/uploads\/2023\/10\/Muertos-DOD-2023-1-1024x683.jpg 1024w, https:\/\/mexicocity.cdmx.gob.mx\/wp-content\/uploads\/2023\/10\/Muertos-DOD-2023-1.jpg 2048w\" sizes=\"auto, (max-width: 300px) 100vw, 300px\" \/><\/a>\n\t\t\t<\/dt><\/dl><dl class='gallery-item'>\n\t\t\t<dt class='gallery-icon landscape'>\n\t\t\t\t<a target=\"_blank\" rel=\"noopener noreferrer\" href='https:\/\/mexicocity.cdmx.gob.mx\/wp-content\/uploads\/2023\/10\/Muertos-DOD-2023-17.jpg'><img loading=\"lazy\" decoding=\"async\" width=\"300\" height=\"200\" src=\"https:\/\/mexicocity.cdmx.gob.mx\/wp-content\/uploads\/2023\/10\/Muertos-DOD-2023-17-300x200.jpg\" class=\"attachment-medium size-medium\" alt=\"\" srcset=\"https:\/\/mexicocity.cdmx.gob.mx\/wp-content\/uploads\/2023\/10\/Muertos-DOD-2023-17-300x200.jpg 300w, https:\/\/mexicocity.cdmx.gob.mx\/wp-content\/uploads\/2023\/10\/Muertos-DOD-2023-17-768x512.jpg 768w, https:\/\/mexicocity.cdmx.gob.mx\/wp-content\/uploads\/2023\/10\/Muertos-DOD-2023-17-1024x683.jpg 1024w, https:\/\/mexicocity.cdmx.gob.mx\/wp-content\/uploads\/2023\/10\/Muertos-DOD-2023-17.jpg 2048w\" sizes=\"auto, (max-width: 300px) 100vw, 300px\" \/><\/a>\n\t\t\t<\/dt><\/dl><dl class='gallery-item'>\n\t\t\t<dt class='gallery-icon landscape'>\n\t\t\t\t<a target=\"_blank\" rel=\"noopener noreferrer\" href='https:\/\/mexicocity.cdmx.gob.mx\/wp-content\/uploads\/2022\/09\/Day-of-the-Dead-Parade-2.jpg'><img loading=\"lazy\" decoding=\"async\" width=\"300\" height=\"200\" src=\"https:\/\/mexicocity.cdmx.gob.mx\/wp-content\/uploads\/2022\/09\/Day-of-the-Dead-Parade-2-300x200.jpg\" class=\"attachment-medium size-medium\" alt=\"\" srcset=\"https:\/\/mexicocity.cdmx.gob.mx\/wp-content\/uploads\/2022\/09\/Day-of-the-Dead-Parade-2-300x200.jpg 300w, https:\/\/mexicocity.cdmx.gob.mx\/wp-content\/uploads\/2022\/09\/Day-of-the-Dead-Parade-2-768x512.jpg 768w, https:\/\/mexicocity.cdmx.gob.mx\/wp-content\/uploads\/2022\/09\/Day-of-the-Dead-Parade-2.jpg 799w\" sizes=\"auto, (max-width: 300px) 100vw, 300px\" \/><\/a>\n\t\t\t<\/dt><\/dl><br style=\"clear: both\" \/>\n\t\t<\/div>\n<\/p>\n<p><strong><span style=\"vertical-align: inherit;\"><span style=\"vertical-align: inherit;\">Las celebraciones del D\u00eda de Muertos en Ciudad de M\u00e9xico<\/span><\/span><\/strong><span style=\"vertical-align: inherit;\"><span style=\"vertical-align: inherit;\"> ocupar\u00e1n la mayor parte de octubre y la primera quincena de noviembre.<\/span><\/span><\/p>\n<p><span style=\"vertical-align: inherit;\"><span style=\"vertical-align: inherit;\">El regreso transitorio de las almas de los difuntos, que se cree vuelven a casa para pasar tiempo con sus familiares, se recibe con desfiles, altares y actos de todo tipo.<\/span><\/span><\/p>\n<h3 style=\"text-align: center;\"><strong><span style=\"vertical-align: inherit;\"><span style=\"vertical-align: inherit;\">Todas las fechas y horarios est\u00e1n sujetos a cambios.<\/span><\/span><\/strong><\/h3>\n<h6 style=\"text-align: center;\"><em><span style=\"vertical-align: inherit;\"><span style=\"vertical-align: inherit;\">~ Esta p\u00e1gina se actualiza a medida que se actualizan los horarios de los eventos. <\/span><span style=\"vertical-align: inherit;\">~<\/span><\/span><\/em><\/h6>\n<h3 style=\"text-align: center;\"><span style=\"vertical-align: inherit;\"><span style=\"vertical-align: inherit;\">La Llorona en Xochimilco <\/span><\/span><br \/>\n<span style=\"vertical-align: inherit;\"><span style=\"vertical-align: inherit;\">Noches de fin de semana del 6 de octubre al 19 de noviembre de 2023<\/span><\/span><\/h3>\n<p>Tradicionalmente, esta \u00f3pera frente al lago es una de las m\u00e1s tempranas en retomar el tema de temporada. Se realizan recorridos nocturnos especiales por los canales desde\u00a0<a href=\"https:\/\/mexicocity.cdmx.gob.mx\/venues\/lago-de-xochimilco-embarcadero-de-cuemanco\/\"><strong>el muelle de <\/strong><\/a><a href=\"https:\/\/mexicocity.cdmx.gob.mx\/venues\/lago-de-xochimilco-embarcadero-de-cuemanco\/\"><strong>Cuemanco <\/strong><\/a>, en Xochimilco. Costos de entre $500 y $600 pesos por persona se combinan con paquetes que incluyen una de las representaciones m\u00e1s inquietantes y hechizantes de la Ciudad.<\/p>\n<h3 style=\"text-align: center;\">Scream Park 2023<br \/>\nDel 3 de octubre al 12 de noviembre de 2023<\/h3>\n<p>Por segunda ocasi\u00f3n se presenta en el <a href=\"https:\/\/mexicocity.cdmx.gob.mx\/venues\/monumento-a-la-madre\/\"><strong>Monumento a la Madre<\/strong><\/a> &#8220;Scream Park&#8221; que re\u00fane una variedad de actividades como sesiones espiritistas, laberintos, casas embrujadas con la tem\u00e1tica central, este a\u00f1o, de las brujas. El parque abrir\u00e1 de las 18:00 hrs a la 1:00 de la ma\u00f1ana los viernes y s\u00e1bados mientras que los domingos y lunes abrir\u00e1 a la misma hora pero cerrar\u00e1 a las 12:00\u00a0 de la noche. El costo es de $500 por persona y $250 para estudiantes.<\/p>\n<h3 style=\"text-align: center;\">Desfile Anual de Alebrijes<br \/>\nS\u00e1bado 21 de octubre de 2023<\/h3>\n<p>El recorrido de estas maravillosas criaturas elaboradas con la imaginaci\u00f3n de los artesanos mexicanos con el m\u00e9todo del papel mach\u00e9 llamado &#8220;cartoner\u00eda&#8221;, iniciar\u00e1 a las 12 del mediod\u00eda en el Z\u00f3calo de la CDMX, atravesar\u00e1 la avenida 5 de mayo y Ju\u00e1rez y seguir\u00e1 hasta el Paseo de la Reforma donde har\u00e1 una parada despu\u00e9s de la cual continuar\u00e1 su camino hasta finalizar en el <a href=\"https:\/\/mexicocity.cdmx.gob.mx\/venues\/el-angel-independencia\/\"><strong>\u00c1ngel de la Independencia<\/strong>.<\/a>\u00a0La exhibici\u00f3n de estos ex\u00f3ticos y surrealistas seres m\u00e1gicos permanecer\u00e1 hasta el 5 de noviembre. No te los puedes perder.<\/p>\n<h3 style=\"text-align: center;\">Campamento Noctambulante<br \/>\nS\u00e1bado 21 de octubre de 2023<\/h3>\n<p>Noctambulante celebra su decimoquinto aniversario y echar\u00e1 la casa por la ventana. En una canoa te llevar\u00e1 hasta la chinampa del horror en punto de las 20:00 hrs\u00a0 del 21 de octubre en que comenzar\u00e1 la proyecci\u00f3n de filmes paranormales. El cine al aire libre estar\u00e1 disponible durante toda la madrugada y culminar\u00e1 a las 7 de la ma\u00f1ana del d\u00eda siguiente. Para llegar a la Chinampa de la Llorona en Cuemanco ingresa por el Parque Ecotur\u00edstico Chinampero &#8220;Michmani&#8221;. El boleto general que incluye el traslado en canoa a la Chinampa y el acceso a las zonas de proyecci\u00f3n a todas las funciones tendr\u00e1 un costo de $520.00 pesos MN.<\/p>\n<h3 style=\"text-align: center;\">Marcha Zombie 2023<br \/>\nS\u00e1bado 21 de octubre de 2023<\/h3>\n<p>Este a\u00f1o se llevar\u00e1 a cabo la edici\u00f3n n\u00famero 16 de la Marcha Zombie con premios de hasta 50 mil pesos. La caminata re\u00fane a miles de personas disfrazadas de zombies o seres sobrenaturales. Estos seres horripilantes recorren las calles de la ciudad buscando infectar a m\u00e1s personas. La concentraci\u00f3n inicia a las 10 de la ma\u00f1ana para que las personas que lo deseen sean marquilladas por el equipo Zombie Walk. La marcha iniciar\u00e1 a las 16:00 hrs rumbo al primer cuadro de la ciudad donde en el z\u00f3calo capitalino finalizar\u00e1 la caminata.<\/p>\n<h3 style=\"text-align: center;\">Thematic Tour:<br \/>\nHistory of the Catrinas<br \/>\nSaturday October 21st through Saturday November 11th<\/h3>\n<p>Tous of approximately one hour aboard a panoramic bus you will visit the most representative points of the CDMX while enjoying the entertaining narration of the guides trained to deliver the most complete experience of the legends representative of the Day of the Dead celebrations. <a href=\"https:\/\/mexicocity.cdmx.gob.mx\/tag\/capital-bus\/\"><strong>Capital Bus<\/strong><\/a>.<\/p>\n<p>&nbsp;<\/p>\n<h3 style=\"text-align: center;\">Cempas\u00fachil Gastronomic and Cultural Festival 2023<br \/>\nOctober 27th to 29th<\/h3>\n<p>On the <a href=\"https:\/\/mexicocity.cdmx.gob.mx\/venues\/gam-esplanade\/\"><strong>Gustavo A. Madero Esplanade<\/strong><\/a>, this year celebrate one of the most important Mexican traditions with commemorative offerings, parades, and plenty of food.<\/p>\n<p>&nbsp;<\/p>\n<h3 style=\"text-align: center;\">Festival of Offerings and Floral Arrangements<br \/>\nof the Historic Center 2023<br \/>\nOctober 27 to November 4, 2023<\/h3>\n<p>One of the most beautiful traditions of the Day of the Dead, there&#8217;s there is no shortage of bread, dishes made with mole, and tequila. Cempas\u00fachil bouquets brighten them up. <strong>Not to be missed.<\/strong><\/p>\n<p>&nbsp;<\/p>\n<h3 style=\"text-align: center;\">Noche del Axolotl:<br \/>\nViernes 27 y s\u00e1bado 28 de octubre de 2023<\/h3>\n<p>Los festejos del D\u00eda de Muertos en el Nuevo Museo del Axolotl del Parque de las \u00c1guilas incluyen representaciones teatrales, m\u00fasica en vivo, concurso de disfraces, bazar de ventas, comida, baile y mucho m\u00e1s. Las dos noches del evento van desde las 5 p.m. hasta la medianoche. La entrada cuesta $150\u00a0 para adultos y $100\u00a0 para ni\u00f1os.<\/p>\n<p>&nbsp;<\/p>\n<h3 style=\"text-align: center;\"><strong>Festival de las Flores de Cempazuchil en Paseo de la Reforma<br \/>\n<\/strong><strong>18 al 31 de octubre<\/strong><\/h3>\n<p>El emblem\u00e1tico camell\u00f3n de la importante y bella Av. Reforma se engalana con cientos de flores de cempas\u00fachil que es uno de los s\u00edmbolos m\u00e1s representativos de la celebraci\u00f3n del D\u00eda de Muertos. Es con esta flor que se enmarcan tambi\u00e9n los monumentos y recintos a los largo De Reforma<\/p>\n<h3 style=\"text-align: center;\">\u00a0 \u00a0 \u00a0 \u00a0 \u00a0 \u00a0 \u00a0Candlelight. Halloween con D\u00eda de Muertos<br \/>\n31 de octubre, 1 de noviembre<\/h3>\n<p>Si eres una amante de la \u00e9poca de brujas no te puedes perder esta experiencia musical y multisensorial con canciones como Amor Eterno a luz de miles de velas. Es en el Teatro Cantoral, Puente Xoco s\/n-Puerta A. Xoco.<\/p>\n<p>&nbsp;<\/p>\n<h3 style=\"text-align: center;\">Sabores M\u00e9xico: Noche de las \u00e1nimas<br \/>\n27, 28, 30 de octubre y 1 de noviembre<\/h3>\n<p>Una vez al a\u00f1o se abren la puertas e Mictl\u00e1n para recibir a vivos y muertos. Se lleva a los comensales por un viaje al inframundo donde conocer\u00e1n diferentes \u00e9pocas de la gastronom\u00eda mexicana.\u00a0 Lleva una foto de la persona a quien dedicas la cena.<\/p>\n<p>&nbsp;<\/p>\n<h3 style=\"text-align: center;\">Mega Ofrenda en el Z\u00f3calo<br \/>\nS\u00e1bado 28 de octubre el 5 de noviembre de 2023<\/h3>\n<p><span style=\"font-weight: 400;\">Se llevar\u00e1 a cabo el montaje de altares monumentales en la Plaza de la Constituci\u00f3n, tambi\u00e9n habr\u00e1 muestras de la multitud de tradiciones y costumbres a trav\u00e9s de las cuales se celebra el D\u00eda de los Fieles Difuntos en el pa\u00eds. No faltan las maravillosas flores de cempas\u00fachil colocadas a lo largo del <strong><a href=\"https:\/\/mexicocity.cdmx.gob.mx\/tag\/parade-route\/\">Paseo de la Reforma<\/a><\/strong>.\u00a0<\/span><\/p>\n<h3 style=\"text-align: center;\">Carrera nocturna de Muertos de Looney Tunes<br \/>\nS\u00e1bado 28 de octubre 2023<\/h3>\n<p>Sobre el Paseo de la Reforma entre el \u00c1ngel de la Independencia y la Glorieta del Ahuehuete tendr\u00e1 lugar a las ocho de la noche la carrera nocturna de Looney Tunes en dos categor\u00edas: General: 15 a 99 a\u00f1os y atletas con discapacidad y\/o con credencial del INAPAM. El costo var\u00eda desde $400 por persona hasta $699. Reg\u00edstrate hasta el 27 de octubre en l\u00ednea a trav\u00e9s del sitio web de <a href=\"https:\/\/www.emociondeportiva.com\/home\/eventos\/?fd=&amp;fe=&amp;diaf=28%2F10%2F2023\">Emoci\u00f3n deportiva<\/a> o en las tiendas de Deportes Mart\u00ed.<\/p>\n<h3 style=\"text-align: center;\">Paseo nocturno en bici del D\u00eda de Muertos<br \/>\nS\u00e1bado 28 de octubre<\/h3>\n<p>Tambi\u00e9n el s\u00e1bado 28 habr\u00e1 oportunidad para los amantes de los paseos en bici. El recorrido comenzar\u00e1 en la Fuente de Petr\u00f3leos y culminar\u00e1 en la Plaza Tlaxcoaque. Adem\u00e1s de las delicias del traslado habr\u00e1 otras actividades como las del a\u00f1o pasado donde se pudieron disfrutar concursos, m\u00fasica en vivo y otras sorpresas. Esta actividad es gratuita.<\/p>\n<p>&nbsp;<\/p>\n<h3 style=\"text-align: center;\">Panteones M\u00edticos<br \/>\nDel domingo 29 de octubre el 02 de noviembre<\/h3>\n<p>Visita los panteones de diferentes alcald\u00edas y\u00a0 comparte la experiencia de la poblaci\u00f3n que espera ah\u00ed a sus difuntos colocando ofrendas para rendir culto a sus difuntos. Escenarios inolvidables de devoci\u00f3n colorida y festiva iluminados con cientos de velas y ramos de cempas\u00fachil, la flor de muertos.\u00a0 Panteones con m\u00e1s tradici\u00f3n:<\/p>\n<ul>\n<li><a href=\"https:\/\/mexicocity.cdmx.gob.mx\/venues\/san-andres-mixquic\/\"><strong>Pante\u00f3n San Andr\u00e9s Mixquic, Alc. Tl\u00e1huac<\/strong><\/a><\/li>\n<li><a href=\"https:\/\/mexicocity.cdmx.gob.mx\/venues\/san-pedro-xalpa\/\"><strong>Pante\u00f3n San Isidro Cemetery. San Pedro Xalpa, Alc. Azcapotzalco<\/strong><\/a><\/li>\n<li><a href=\"https:\/\/mexicocity.cdmx.gob.mx\/venues\/capilla-de-santa-lucia-2\/\"><strong>Pante\u00f3n de Santa Luc\u00eda. Alc Azcapotzalco<\/strong><\/a><\/li>\n<li><a href=\"https:\/\/mexicocity.cdmx.gob.mx\/venues\/capilla-san-salvador\/\"><strong>Pante\u00f3n de Santa Cruz Acayucan. Alcald\u00eda Azcapotzalco<\/strong><\/a><\/li>\n<\/ul>\n<h3 style=\"text-align: center;\">Leyendas de difuntos en la Torre Latinoamericana<br \/>\n31 de octubre y 1 de noviembre de 2023<\/h3>\n<p>\u00a1Qu\u00e9 divertido! \u00bfTe imaginas recorrer varios pisos de la Torre Latinoamericana en la oscuridad de la noche mientras escuchas tenebrosas historias de difuntos? Como un evento de verdadera altura, por dos d\u00edas podr\u00e1s recorrer varios pisos de la ic\u00f3nica Torre Latinoamericana mientras aprendes diversas leyendas espeluznantes. El evento comenzar\u00e1 a las 19.30 con un costo de $300.<\/p>\n<h3 style=\"text-align: center;\">Carrera Calaveritas 5K\/10K:<br \/>\nMi\u00e9rcoles 1 de noviembre<\/h3>\n<p>Una carrera nocturna desde el Bosque de Chapultepec a las 7:30 p.m. El evento sale del Centro Cultural de los Pinos y los festejos de apertura incluyen m\u00fasica, maquillaje y disfraces. Para m\u00e1s informaci\u00f3n haz <a href=\"https:\/\/www.mxrace.co\/claveritas-run\">clic aqu\u00ed<\/a>.<\/p>\n<h3 style=\"text-align: center;\">Mega Ofrenda UNAM:<br \/>\nMi\u00e9rcoles 1 y jueves 2 de noviembre<\/h3>\n<p>El Campus CU presenta uno de los altares de D\u00eda de Muertos m\u00e1s espectaculares en la Puerta B del <a href=\"https:\/\/mexicocity.cdmx.gob.mx\/venues\/university-olympic-stadium-estadio-olimpico-universitario\/\"><strong>Estadio <\/strong><\/a><a href=\"https:\/\/mexicocity.cdmx.gob.mx\/venues\/university-olympic-stadium-estadio-olimpico-universitario\/\"><strong>Ol\u00edmpico <\/strong><\/a><a href=\"https:\/\/mexicocity.cdmx.gob.mx\/venues\/university-olympic-stadium-estadio-olimpico-universitario\/\"><strong>Universitario<\/strong><\/a>. El 26\u00ba evento anual est\u00e1 dedicado este a\u00f1o a &#8220;Las mujeres en las ciencias, las humanidades y las artes&#8221;. El propio altar est\u00e1 rodeado de exposiciones, recorridos y actos relacionados.<\/p>\n<h3 style=\"text-align: center;\">Coco: Un Festival para Recordar<br \/>\n3 y 4 de noviembre 2023<\/h3>\n<p><span style=\"vertical-align: inherit;\"><span style=\"vertical-align: inherit;\">En la <a href=\"https:\/\/mexicocity.cdmx.gob.mx\/venues\/plaza-de-toros\/\"><strong>Plaza de Toros M\u00e9xico<\/strong><\/a> en los c\u00e9ntricos barrios de las Colonias N\u00e1poles y Noche Buena se proyectar\u00e1 a las 7 de la noche la famosa pel\u00edcula Coco y participar\u00e1n muchos artistas famosos como Pedro Fern\u00e1ndez, Eugenia le\u00f3n y Omar chaparro acompa\u00f1ados por una orquesta en vivo. <\/span><span style=\"vertical-align: inherit;\">El costo ser\u00e1 desde $600 hasta $1,250 por persona.<\/span><\/span><\/p>\n<p>&nbsp;<\/p>\n<h3 style=\"text-align: center;\"><span style=\"vertical-align: inherit;\"><span style=\"vertical-align: inherit;\">Gran Desfile del D\u00eda de los Muertos <\/span><\/span><br \/>\n<span style=\"vertical-align: inherit;\"><span style=\"vertical-align: inherit;\">S\u00e1bado 4 de noviembre<\/span><\/span><\/h3>\n<p><span style=\"vertical-align: inherit;\"><span style=\"vertical-align: inherit;\">El desfile m\u00e1s espectacular de todos, es totalmente gratuito e incluye actuaciones de colectivos art\u00edsticos y culturales de todo el pa\u00eds. <\/span><span style=\"vertical-align: inherit;\">El evento es totalmente gratuito y dura unas cuatro horas. <\/span><span style=\"vertical-align: inherit;\">Aqu\u00ed puedes encontrar la\u00a0 <\/span><\/span><strong><a href=\"https:\/\/mexicocity.cdmx.gob.mx\/tag\/day-dead-parade-route\/\"><span style=\"vertical-align: inherit;\"><span style=\"vertical-align: inherit;\">ruta del Desfile del D\u00eda de Muertos 2023.<\/span><\/span><\/a><\/strong><\/p>\n<h3 style=\"text-align: center;\"><span style=\"vertical-align: inherit;\"><span style=\"vertical-align: inherit;\">\u00a0 \u00a0 \u00a0 \u00a0 \u00a0 \u00a0 \u00a0 \u00a0Mezcal Fest MX edici\u00f3n D\u00eda de Muertos<br \/>\nS\u00e1bado 4 y Domingo 5 de noviembre 2023<\/span><\/span><\/h3>\n<p><span style=\"vertical-align: inherit;\"><span style=\"vertical-align: inherit;\">La s\u00e9ptima edici\u00f3n del evento donde el mezcal y t\u00fa son los invitados de honor se llevar\u00e1 a cabo en el Club de Leones CDMX en la calle de Ures 13 Col. Roma Sur. <\/span><span style=\"vertical-align: inherit;\">Aqu\u00ed se le da voz y voto a los productores artesanales, maestros mezcaleros y mujeres productoras de mezcal en inolvidables degustaciones. <\/span><span style=\"vertical-align: inherit;\">4 y 5 de noviembre de 13:00 a 21:00 horas con costo de $50 por persona.<\/span><\/span><\/p>\n<h3><\/h3>\n<h3 style=\"text-align: center;\">Safari de la ciudad de Pok\u00e9mon GO<br \/>\n4 y 5 de noviembre<\/h3>\n<p style=\"text-align: center;\">Toda una ciudad de aventuras te espera cuando embarques en el Safari.<\/p>\n<p>&nbsp;<\/p>\n<h3 style=\"text-align: center;\"><span style=\"vertical-align: inherit;\"><span style=\"vertical-align: inherit;\">Pan de Muerto\/Festival del Chocolate<br \/>\n<\/span><\/span><span style=\"vertical-align: inherit;\"><span style=\"vertical-align: inherit;\">3 al 5 de noviembre<\/span><\/span><\/h3>\n<p><span style=\"vertical-align: inherit;\"><span style=\"vertical-align: inherit;\">El Festival del Pan de Muerto y Chocolate, uno de los favoritos de los visitantes del Centro Hist\u00f3rico, se celebra del 3 al 5 de noviembre en el <\/span><\/span><a href=\"https:\/\/mexicocity.cdmx.gob.mx\/venues\/palace-university-autonomy\/\"><strong><span style=\"vertical-align: inherit;\"><span style=\"vertical-align: inherit;\">Palacio de la Autonom\u00eda<\/span><\/span><\/strong><\/a><span style=\"vertical-align: inherit;\"><span style=\"vertical-align: inherit;\"> de la UNAM, junto al <\/span><\/span><a href=\"https:\/\/mexicocity.cdmx.gob.mx\/tag\/zocalo-area\/\"><strong><span style=\"vertical-align: inherit;\"><span style=\"vertical-align: inherit;\">Z\u00f3calo<\/span><\/span><\/strong><\/a><span style=\"vertical-align: inherit;\"><span style=\"vertical-align: inherit;\"> . <\/span><span style=\"vertical-align: inherit;\">El costo es de s\u00f3lo $20 pesos por persona.<\/span><\/span><\/p>\n<p>&nbsp;<\/p>\n<h3 style=\"text-align: center;\">Festival de Terror Six Flags M\u00e9xico<br \/>\n14 de septiembre a 12 de noviembre<\/h3>\n<p>Disfruta en Six Flags M\u00e9xico el Festival del Terror 2023 que se ha convertido en una tradici\u00f3n los \u00faltimos 11 a\u00f1os. El evento de parque de diversiones contar\u00e1 con ocho atracciones para sus visitantes, tres de ellas completamente nuevas.<\/p>\n<p>&nbsp;<\/p>\n<h3 style=\"text-align: center;\"><span style=\"vertical-align: inherit;\"><span style=\"vertical-align: inherit;\">Experiencia de arte Calavera<br \/>\n<\/span><\/span><span style=\"vertical-align: inherit;\"><span style=\"vertical-align: inherit;\">Hasta el domingo 12 de noviembre<\/span><\/span><\/h3>\n<p><span style=\"vertical-align: inherit;\"><span style=\"vertical-align: inherit;\">Exposici\u00f3n en distintas salas de toda la informaci\u00f3n sobre las calaveras incluyendo su historia y representaci\u00f3n en la cultura popular. <\/span><span style=\"vertical-align: inherit;\">Se har\u00e1 un recorrido especial por el D\u00eda de Muertos al que se le dedicar\u00e1 una sala exclusiva. <\/span><span style=\"vertical-align: inherit;\">Hay adem\u00e1s una ofrenda interactiva, una sala dedicada a las catrinas y un espacio dedicado a los grabados y calaveras. <\/span><span style=\"vertical-align: inherit;\">De lunes a jueves de 10:00 a 18:00 hrs, viernes y s\u00e1bados de 10:00 a 20:00 hrs, domingos 11:00 a 18:00 hrs. <\/span><span style=\"vertical-align: inherit;\">Costo $99 y $129 multas por semana. <\/span><span style=\"vertical-align: inherit;\">Palacio Metropolitano: C. de Tacuba 15.<\/span><\/span><\/p>\n<p>&nbsp;<\/p>","protected":false},"excerpt":{"rendered":"<p>Las celebraciones del D\u00eda de Muertos en Ciudad de M\u00e9xico ocupar\u00e1n la mayor parte de octubre y la primera quincena de noviembre. El regreso transitorio de las almas de los difuntos, que se cree vuelven a casa para pasar tiempo con sus familiares, se recibe con desfiles, altares y actos de todo tipo. Todas las [&hellip;]<\/p>\n","protected":false},"author":70,"featured_media":17548,"comment_status":"open","ping_status":"open","sticky":false,"template":"","format":"standard","meta":{"footnotes":""},"categories":[1],"class_list":["post-17544","post","type-post","status-publish","format-standard","has-post-thumbnail","hentry","category-uncategorized","ubicacion-cuauhtemoc","ubicacion-east","ubicacion-greater-mexico-city","ubicacion-north","ubicacion-southeast","ubicacion-southwest"],"_links":{"self":[{"href":"https:\/\/mexicocity.cdmx.gob.mx\/api\/wp\/v2\/posts\/17544","targetHints":{"allow":["GET"]}}],"collection":[{"href":"https:\/\/mexicocity.cdmx.gob.mx\/api\/wp\/v2\/posts"}],"about":[{"href":"https:\/\/mexicocity.cdmx.gob.mx\/api\/wp\/v2\/types\/post"}],"author":[{"embeddable":true,"href":"https:\/\/mexicocity.cdmx.gob.mx\/api\/wp\/v2\/users\/70"}],"replies":[{"embeddable":true,"href":"https:\/\/mexicocity.cdmx.gob.mx\/api\/wp\/v2\/comments?post=17544"}],"version-history":[{"count":56,"href":"https:\/\/mexicocity.cdmx.gob.mx\/api\/wp\/v2\/posts\/17544\/revisions"}],"predecessor-version":[{"id":17738,"href":"https:\/\/mexicocity.cdmx.gob.mx\/api\/wp\/v2\/posts\/17544\/revisions\/17738"}],"wp:featuredmedia":[{"embeddable":true,"href":"https:\/\/mexicocity.cdmx.gob.mx\/api\/wp\/v2\/media\/17548"}],"wp:attachment":[{"href":"https:\/\/mexicocity.cdmx.gob.mx\/api\/wp\/v2\/media?parent=17544"}],"wp:term":[{"taxonomy":"category","embeddable":true,"href":"https:\/\/mexicocity.cdmx.gob.mx\/api\/wp\/v2\/categories?post=17544"}],"curies":[{"name":"wp","href":"https:\/\/api.w.org\/{rel}","templated":true}]}}